{"id":649,"date":"2022-09-26T23:18:14","date_gmt":"2022-09-26T21:18:14","guid":{"rendered":"https:\/\/turnaround.cz\/?p=649"},"modified":"2022-10-29T00:22:58","modified_gmt":"2022-10-28T22:22:58","slug":"tomas-rada","status":"publish","type":"post","link":"https:\/\/turnaround.cz\/en\/blog\/2022\/09\/tomas-rada\/","title":{"rendered":"Tom\u00e1\u0161 Rada"},"content":{"rendered":"\n<p>Tom\u00e1\u0161 Rada, je advok\u00e1tem a zakl\u00e1daj\u00edc\u00edm partnerem advok\u00e1tn\u00ed kancel\u00e1\u0159e DRV LEGAL. Studium Pr\u00e1vnick\u00e9 fakulty Masarykovy univerzity ukon\u010dil v roce 2006. Rok po ukon\u010den\u00ed magistersk\u00fdch studi\u00ed obh\u00e1jil rigor\u00f3zn\u00ed pr\u00e1ci a slo\u017eil st\u00e1tn\u00ed rigor\u00f3zn\u00ed zkou\u0161kou (JUDr.). V roce 2009 \u00fasp\u011b\u0161n\u011b slo\u017eil st\u00e1tn\u00ed doktorskou zkou\u0161ku a advok\u00e1tn\u00ed zkou\u0161ky. Od t\u00e9ho\u017e roku je zaps\u00e1n v seznamu advok\u00e1t\u016f \u010cesk\u00e9 advok\u00e1tn\u00ed komory (\u010cAK 12894). V roce 2012 pak obh\u00e1jil diserta\u010dn\u00ed pr\u00e1ci, z\u00edskal titul (Ph.D.) a se spole\u010dn\u00edky zakl\u00e1d\u00e1 advok\u00e1tn\u00ed kancel\u00e1\u0159 DRV LEGAL (https:\/\/www.drvlegal.cz\/).<\/p>\n\n\n\n<p>Tom\u00e1\u0161 se specializuje p\u0159edev\u0161\u00edm na pr\u00e1vn\u00ed slu\u017eby souvisej\u00edc\u00ed s investov\u00e1n\u00edm, M&amp;A a insolvencemi, a to v\u010detn\u011b souvisej\u00edc\u00edch problematik od financov\u00e1n\u00ed (bankovn\u00ed i jin\u00e9 financov\u00e1n\u00ed akvizic a provozu podnik\u016f), p\u0159es sout\u011b\u017en\u00ed pr\u00e1vo (zastupov\u00e1n\u00ed klient\u016f p\u0159ed \u00da\u0159adem pro ochranu hospod\u00e1\u0159sk\u00e9 sout\u011b\u017ee), po korpora\u010dn\u00ed pr\u00e1vo v\u010detn\u011b strukturov\u00e1n\u00ed investi\u010dn\u00edch fond\u016f, private equity a jin\u00fdch investi\u010dn\u00edch uskupen\u00ed.<\/p>\n\n\n\n<p>Tom\u00e1\u0161 se takt\u00e9\u017e v\u011bnuje publika\u010dn\u00ed \u010dinnosti. Je nap\u0159. spoluautorem koment\u00e1\u0159e k z\u00e1konu o obchodn\u00edch korporac\u00edch (pas\u00e1\u017ee t\u00fdkaj\u00edc\u00ed se \u00fapadkov\u00fdch delikt\u016f statut\u00e1rn\u00edch org\u00e1n\u016f) a vedouc\u00edm autorsk\u00e9ho kolektivu koment\u00e1\u0159e k z\u00e1konu o vinohradnictv\u00ed a vina\u0159stv\u00ed.<\/p>\n\n\n\n<p>Kontakt: <a rel=\"noreferrer noopener\" href=\"mailto:rada@drvlegal.cz\" target=\"_blank\">rada@drvlegal.cz<\/a><\/p>\n","protected":false},"excerpt":{"rendered":"<p>Tom\u00e1\u0161 Rada, je advok\u00e1tem a zakl\u00e1daj\u00edc\u00edm partnerem advok\u00e1tn\u00ed kancel\u00e1\u0159e DRV LEGAL. Studium Pr\u00e1vnick\u00e9 fakulty Masarykovy univerzity ukon\u010dil v roce 2006. Rok po ukon\u010den\u00ed magistersk\u00fdch studi\u00ed obh\u00e1jil rigor\u00f3zn\u00ed pr\u00e1ci a slo\u017eil st\u00e1tn\u00ed rigor\u00f3zn\u00ed zkou\u0161kou (JUDr.). V roce 2009 \u00fasp\u011b\u0161n\u011b slo\u017eil st\u00e1tn\u00ed doktorskou zkou\u0161ku a advok\u00e1tn\u00ed zkou\u0161ky. Od t\u00e9ho\u017e roku je zaps\u00e1n v seznamu advok\u00e1t\u016f \u010cesk\u00e9 advok\u00e1tn\u00ed&#8230;  <a class=\"excerpt-read-more\" href=\"https:\/\/turnaround.cz\/en\/blog\/2022\/09\/tomas-rada\/\" title=\"v\u00edce Tom\u00e1\u0161 Rada\">v\u00edce<\/a><\/p>\n","protected":false},"author":3,"featured_media":657,"comment_status":"closed","ping_status":"closed","sticky":false,"template":"","format":"standard","meta":{"ngg_post_thumbnail":0,"jetpack_post_was_ever_published":false,"_jetpack_newsletter_access":"","_jetpack_dont_email_post_to_subs":false,"_jetpack_newsletter_tier_id":0,"_jetpack_memberships_contains_paywalled_content":false,"_jetpack_memberships_contains_paid_content":false,"footnotes":"","jetpack_publicize_message":"","jetpack_publicize_feature_enabled":true,"jetpack_social_post_already_shared":true,"jetpack_social_options":{"image_generator_settings":{"template":"highway","default_image_id":0,"font":"","enabled":false},"version":2}},"categories":[8],"tags":[],"class_list":["post-649","post","type-post","status-publish","format-standard","has-post-thumbnail","hentry","category-clenove"],"acf":[],"jetpack_publicize_connections":[],"jetpack_featured_media_url":"https:\/\/turnaround.cz\/wp-content\/uploads\/2022\/09\/rada-s.jpg","jetpack_sharing_enabled":true,"jetpack_shortlink":"https:\/\/wp.me\/p6Wlcm-at","_links":{"self":[{"href":"https:\/\/turnaround.cz\/en\/wp-json\/wp\/v2\/posts\/649","targetHints":{"allow":["GET"]}}],"collection":[{"href":"https:\/\/turnaround.cz\/en\/wp-json\/wp\/v2\/posts"}],"about":[{"href":"https:\/\/turnaround.cz\/en\/wp-json\/wp\/v2\/types\/post"}],"author":[{"embeddable":true,"href":"https:\/\/turnaround.cz\/en\/wp-json\/wp\/v2\/users\/3"}],"replies":[{"embeddable":true,"href":"https:\/\/turnaround.cz\/en\/wp-json\/wp\/v2\/comments?post=649"}],"version-history":[{"count":2,"href":"https:\/\/turnaround.cz\/en\/wp-json\/wp\/v2\/posts\/649\/revisions"}],"predecessor-version":[{"id":659,"href":"https:\/\/turnaround.cz\/en\/wp-json\/wp\/v2\/posts\/649\/revisions\/659"}],"wp:featuredmedia":[{"embeddable":true,"href":"https:\/\/turnaround.cz\/en\/wp-json\/wp\/v2\/media\/657"}],"wp:attachment":[{"href":"https:\/\/turnaround.cz\/en\/wp-json\/wp\/v2\/media?parent=649"}],"wp:term":[{"taxonomy":"category","embeddable":true,"href":"https:\/\/turnaround.cz\/en\/wp-json\/wp\/v2\/categories?post=649"},{"taxonomy":"post_tag","embeddable":true,"href":"https:\/\/turnaround.cz\/en\/wp-json\/wp\/v2\/tags?post=649"}],"curies":[{"name":"wp","href":"https:\/\/api.w.org\/{rel}","templated":true}]}}